
{"id":9131,"date":"2025-06-02T17:07:02","date_gmt":"2025-06-02T17:07:02","guid":{"rendered":"https:\/\/ahead.africa\/?p=9131"},"modified":"2025-09-10T12:54:01","modified_gmt":"2025-09-10T12:54:01","slug":"south-sudan-2025-is-the-make-or-break-year","status":"publish","type":"post","link":"https:\/\/ahead.africa\/fr\/south-sudan-2025-is-the-make-or-break-year\/","title":{"rendered":"Soudan du Sud : 2025, l'ann\u00e9e d\u00e9cisive"},"content":{"rendered":"<p>Les retards r\u00e9p\u00e9t\u00e9s des \u00e9lections au Soudan du Sud, d\u00e9sormais report\u00e9es \u00e0 d\u00e9cembre 2026, r\u00e9v\u00e8lent une crise plus profonde du leadership, de la l\u00e9gitimit\u00e9 et de la confiance, et pas seulement des obstacles logistiques. Depuis 2015, les \u00e9lections ont \u00e9t\u00e9 report\u00e9es cinq fois, enfermant le pays dans une incertitude politique qui freine la paix, le d\u00e9veloppement et l'espoir.<\/p>\n\n\n\n<p>La population est pr\u00eate et r\u00e9clame des changements, mais les \u00e9lites politiques bloquent les progr\u00e8s pour prot\u00e9ger leur pouvoir. Les r\u00e9formes essentielles restent incompl\u00e8tes, les institutions sont faibles et la confiance s'\u00e9rode, ce qui risque d'aggraver la violence et l'instabilit\u00e9.<\/p>\n\n\n\n<p>La soci\u00e9t\u00e9 civile repr\u00e9sente une lueur d'espoir, en poussant \u00e0 l'\u00e9ducation des \u00e9lecteurs, \u00e0 la r\u00e9forme juridique et \u00e0 l'obligation de rendre des comptes. Mais un v\u00e9ritable changement n\u00e9cessite une action urgente de la part du gouvernement et une pression de la part des partenaires r\u00e9gionaux et internationaux.<\/p>\n\n\n\n<p>La d\u00e9mocratie n'est pas donn\u00e9e, elle doit \u00eatre construite. L'avenir du Soudan du Sud d\u00e9pend de r\u00e9formes imm\u00e9diates, de financements et d'un v\u00e9ritable engagement. Le co\u00fbt d'un retard suppl\u00e9mentaire est trop \u00e9lev\u00e9.<\/p>\n\n\n\n<p><strong>\u00c0 un an et demi des \u00e9lections, que proposons-nous pour garantir leur int\u00e9grit\u00e9 ?<\/strong><\/p>\n\n\n\n<div class=\"wp-block-columns is-layout-flex wp-container-core-columns-is-layout-28f84493 wp-block-columns-is-layout-flex\">\n<div class=\"wp-block-column is-layout-flow wp-block-column-is-layout-flow\">\n<div class=\"wp-block-columns has-primary-alt-background-color has-background is-layout-flex wp-container-core-columns-is-layout-28f84493 wp-block-columns-is-layout-flex\" style=\"border-radius:15px\">\n<div class=\"wp-block-column is-layout-flow wp-block-column-is-layout-flow\">\n<div class=\"wp-block-columns is-layout-flex wp-container-core-columns-is-layout-28f84493 wp-block-columns-is-layout-flex\">\n<div class=\"wp-block-column is-layout-flow wp-block-column-is-layout-flow\">\n<figure class=\"wp-block-image aligncenter size-large is-resized has-custom-border\"><a href=\"https:\/\/ahead.africa\/wp-content\/uploads\/2025\/06\/South-Sudan-statement-2025-ahead-of-2026-elections.pdf\" target=\"_blank\" rel=\"noreferrer noopener\"><img loading=\"lazy\" decoding=\"async\" width=\"724\" height=\"1024\" src=\"https:\/\/ahead.africa\/wp-content\/uploads\/2025\/06\/SS-statement-2025-updated-cover-724x1024.png\" alt=\"\" class=\"wp-image-9179\" style=\"border-radius:3px;width:190px\" srcset=\"https:\/\/ahead.africa\/wp-content\/uploads\/2025\/06\/SS-statement-2025-updated-cover-724x1024.png 724w, https:\/\/ahead.africa\/wp-content\/uploads\/2025\/06\/SS-statement-2025-updated-cover-212x300.png 212w, https:\/\/ahead.africa\/wp-content\/uploads\/2025\/06\/SS-statement-2025-updated-cover-768x1086.png 768w, https:\/\/ahead.africa\/wp-content\/uploads\/2025\/06\/SS-statement-2025-updated-cover-1086x1536.png 1086w, https:\/\/ahead.africa\/wp-content\/uploads\/2025\/06\/SS-statement-2025-updated-cover-1448x2048.png 1448w, https:\/\/ahead.africa\/wp-content\/uploads\/2025\/06\/SS-statement-2025-updated-cover-8x12.png 8w\" sizes=\"auto, (max-width: 724px) 100vw, 724px\" \/><\/a><\/figure>\n\n\n\n<div class=\"wp-block-buttons is-content-justification-center is-layout-flex wp-container-core-buttons-is-layout-a89b3969 wp-block-buttons-is-layout-flex\">\n<div class=\"wp-block-button has-custom-width wp-block-button__width-100 has-custom-font-size\" style=\"font-size:14px\"><a class=\"wp-block-button__link has-text-color has-tertiary-background-color has-text-color has-background has-link-color wp-element-button\" href=\"https:\/\/ahead.africa\/wp-content\/uploads\/2025\/06\/South-Sudan-statement-2025-ahead-of-2026-elections.pdf\" target=\"_blank\" rel=\"noreferrer noopener\"><strong>Lire notre d\u00e9claration sur les d\u00e9fis urgents et la voie \u00e0 suivre<\/strong> [EN]<\/a><\/div>\n<\/div>\n<\/div>\n<\/div>\n<\/div>\n<\/div>\n<\/div>\n<\/div>\n\n\n\n<div style=\"height:10px\" aria-hidden=\"true\" class=\"wp-block-spacer\"><\/div>\n\n\n\n<p class=\"has-text-align-center has-primary-color has-text-color has-link-color has-h-6-font-size wp-elements-6294ab85e702a02037830add8790c8e4\">Ressources compl\u00e9mentaires<\/p>\n\n\n\n<div class=\"wp-block-columns is-layout-flex wp-container-core-columns-is-layout-28f84493 wp-block-columns-is-layout-flex\">\n<div class=\"wp-block-column is-layout-flow wp-block-column-is-layout-flow\">\n<div class=\"wp-block-buttons is-content-justification-center is-layout-flex wp-container-core-buttons-is-layout-a89b3969 wp-block-buttons-is-layout-flex\">\n<div class=\"wp-block-button has-custom-width wp-block-button__width-100 has-custom-font-size\" style=\"font-size:14px\"><a class=\"wp-block-button__link has-background-color has-primary-background-color has-text-color has-background has-link-color wp-element-button\" href=\"https:\/\/ahead.africa\/fr\/event\/webinar-unpacking-the-delayed-elections-in-south-sudan\/\" target=\"_blank\" rel=\"noreferrer noopener\">S\u00e9minaire en ligne : Analyse du report des \u00e9lections de 2026 au Sud-Soudan<\/a><\/div>\n\n\n\n<div class=\"wp-block-button has-custom-width wp-block-button__width-100 has-custom-font-size\" style=\"font-size:14px\"><a class=\"wp-block-button__link has-background-color has-primary-background-color has-text-color has-background has-link-color wp-element-button\" href=\"https:\/\/ahead.africa\/fr\/event\/webinar-navigating-the-crossroads-analysis-of-south-sudan-election-preparedness\/\" target=\"_blank\" rel=\"noreferrer noopener\">Webinar | Naviguer \u00e0 la crois\u00e9e des chemins : Analyse de la pr\u00e9paration des \u00e9lections au Sud-Soudan<\/a><\/div>\n\n\n\n<div class=\"wp-block-button has-custom-width wp-block-button__width-100 has-custom-font-size\" style=\"font-size:14px\"><a class=\"wp-block-button__link has-background-color has-primary-background-color has-text-color has-background has-link-color wp-element-button\" href=\"https:\/\/ahead.africa\/fr\/is-south-sudan-ready-for-2024-elections\/\" target=\"_blank\" rel=\"noreferrer noopener\">D\u00e9claration sur la pr\u00e9paration \u00e9lectorale du Sud-Soudan en vue des \u00e9lections pr\u00e9vues en 2024<\/a><\/div>\n<\/div>\n<\/div>\n<\/div>","protected":false},"excerpt":{"rendered":"<p>Nous proposons des r\u00e9formes pour que les \u00e9lections de 2026 aient lieu, mais aussi qu'elles soient int\u00e8gres.<\/p>","protected":false},"author":4,"featured_media":9152,"comment_status":"closed","ping_status":"closed","sticky":false,"template":"blog","format":"standard","meta":{"_acf_changed":false,"footnotes":""},"categories":[60,62],"tags":[49],"grantees":[83,84],"partner":[11],"region":[55],"class_list":["post-9131","post","type-post","status-publish","format-standard","has-post-thumbnail","hentry","category-advocacy","category-countries","tag-statement","grantees-south-sudanese-network-for-democratic-elections","grantees-standard-action-liaison-office","partner-e-horn","region-east-africa"],"acf":[],"_links":{"self":[{"href":"https:\/\/ahead.africa\/fr\/wp-json\/wp\/v2\/posts\/9131","targetHints":{"allow":["GET"]}}],"collection":[{"href":"https:\/\/ahead.africa\/fr\/wp-json\/wp\/v2\/posts"}],"about":[{"href":"https:\/\/ahead.africa\/fr\/wp-json\/wp\/v2\/types\/post"}],"author":[{"embeddable":true,"href":"https:\/\/ahead.africa\/fr\/wp-json\/wp\/v2\/users\/4"}],"replies":[{"embeddable":true,"href":"https:\/\/ahead.africa\/fr\/wp-json\/wp\/v2\/comments?post=9131"}],"version-history":[{"count":29,"href":"https:\/\/ahead.africa\/fr\/wp-json\/wp\/v2\/posts\/9131\/revisions"}],"predecessor-version":[{"id":12055,"href":"https:\/\/ahead.africa\/fr\/wp-json\/wp\/v2\/posts\/9131\/revisions\/12055"}],"wp:featuredmedia":[{"embeddable":true,"href":"https:\/\/ahead.africa\/fr\/wp-json\/wp\/v2\/media\/9152"}],"wp:attachment":[{"href":"https:\/\/ahead.africa\/fr\/wp-json\/wp\/v2\/media?parent=9131"}],"wp:term":[{"taxonomy":"category","embeddable":true,"href":"https:\/\/ahead.africa\/fr\/wp-json\/wp\/v2\/categories?post=9131"},{"taxonomy":"post_tag","embeddable":true,"href":"https:\/\/ahead.africa\/fr\/wp-json\/wp\/v2\/tags?post=9131"},{"taxonomy":"grantees","embeddable":true,"href":"https:\/\/ahead.africa\/fr\/wp-json\/wp\/v2\/grantees?post=9131"},{"taxonomy":"partner","embeddable":true,"href":"https:\/\/ahead.africa\/fr\/wp-json\/wp\/v2\/partner?post=9131"},{"taxonomy":"region","embeddable":true,"href":"https:\/\/ahead.africa\/fr\/wp-json\/wp\/v2\/region?post=9131"}],"curies":[{"name":"wp","href":"https:\/\/api.w.org\/{rel}","templated":true}]}}