
{"id":1619,"date":"2024-07-20T18:35:00","date_gmt":"2024-07-20T18:35:00","guid":{"rendered":"https:\/\/ahead.africa\/?p=1619"},"modified":"2026-03-04T22:33:33","modified_gmt":"2026-03-04T22:33:33","slug":"ahead-africa-launch-event-at-the-au-ecosocc-20th-anniversary","status":"publish","type":"post","link":"https:\/\/ahead.africa\/fr\/ahead-africa-launch-event-at-the-au-ecosocc-20th-anniversary\/","title":{"rendered":"Lancement de l'AHEAD Africa \u00e0 l'occasion du 20e anniversaire de l'UA-ECOSOCC"},"content":{"rendered":"<p class=\"has-link-color wp-elements-6314451041fcc09d1cef1598a9ffe7af translation-block\">Le 20 juillet 2024, en marge du 20e anniversaire du Conseil \u00e9conomique, social et culturel de l'Union africaine (UA-ECOSOCC), nos partenaire le <a href=\"https:\/\/ahead.africa\/fr\/partners\/west-africa-election-observers-network\/\" target=\"_blank\" rel=\"noreferrer noopener\">R\u00e9seau des observateurs \u00e9lectoraux d'Afrique de l'Ouest (WAEON)<\/a> et son secr\u00e9tariat - le <a href=\"https:\/\/ahead.africa\/fr\/partners\/west-africa-election-observers-network\/#Center-for-Democratic-Development-Ghana\" target=\"_blank\" rel=\"noreferrer noopener\">Ghana Center for Democratic Development (CDD-Ghana)<\/a> - et le <a href=\"https:\/\/ahead.africa\/fr\/partners\/european-partnership-for-democracy\/\" target=\"_self\">European Partnership for Democracy<\/a>, ont co-organis\u00e9 un \u00e9v\u00e9nement pour <span class=\"highlight-text\"><strong>lancer le projet AHEAD Africa<\/strong><\/span> sous le th\u00e8me <span class=\"highlight-text\"><em>\"<\/em><strong><em><em>Faire progresser l'int\u00e9grit\u00e9 \u00e9lectorale en Afrique gr\u00e2ce \u00e0 l'engagement des citoyens<\/em><\/strong>.\"<\/em><\/span><br><br>L'ann\u00e9e 2024 ayant \u00e9t\u00e9 baptis\u00e9e \"<a href=\"https:\/\/nation.africa\/africa\/news\/africa-democracy-put-to-test-as-states-head-to-polls-4499012#story\" target=\"_self\">D\u00e9mocratie en proc\u00e8s en Afrique<\/a>\" en raison des 19 \u00e9lections pr\u00e9vues dans divers pays, AHEAD Africa a profit\u00e9 de cette occasion pour examiner comment l'autonomisation de la soci\u00e9t\u00e9 civile, y compris les observateurs citoyens, peut renforcer les syst\u00e8mes et les processus \u00e9lectoraux. Ces discussions ont particuli\u00e8rement mis en lumi\u00e8re <a href=\"https:\/\/ahead.africa\/fr\/election\/ghana\/\" target=\"_blank\" rel=\"noreferrer noopener\">le Ghana<\/a>, \u00e0 la fois en tant qu'h\u00f4te de l'\u00e9v\u00e9nement et en pr\u00e9vision de ses prochaines \u00e9lections g\u00e9n\u00e9rales du 7 d\u00e9cembre 2024.<br><br>L'\u00e9v\u00e9nement a soulign\u00e9 le besoin pressant de construire des institutions r\u00e9silientes avec un engagement citoyen fort en tant qu'\u00e9pine dorsale de l'int\u00e9grit\u00e9 \u00e9lectorale, en particulier \u00e0 l'approche des \u00e9lections de 2024 au Ghana. Anna Lixi, chef des op\u00e9rations sur la gouvernance et la soci\u00e9t\u00e9 civile \u00e0 la d\u00e9l\u00e9gation de l'Union europ\u00e9enne au Ghana, a annonc\u00e9 que l'UE enverrait une mission d'experts \u00e9lectoraux, passant de l'observation traditionnelle \u00e0 une approche de soutien technique plus pratique, tandis que les repr\u00e9sentants de l'UA-ECOSOCC et du Partenariat europ\u00e9en pour la d\u00e9mocratie ont soulign\u00e9 comment les observateurs citoyens agissent en tant que \"gardiens\" des r\u00e9formes \u00e9lectorales, en veillant \u00e0 ce qu'elles perdurent au-del\u00e0 du jour de l'\u00e9lection.<\/p>\n\n\n\n<p class=\"has-link-color wp-elements-b3fc5fcd9c4ebed51fe79bdd8fdc16d2\">La technologie et l'engagement des jeunes sont devenus des sujets de discussion cl\u00e9s, le syst\u00e8me PRVT du Ghana offrant un \"pouls en temps r\u00e9el\" des processus \u00e9lectoraux, tandis que la r\u00e9cente exp\u00e9rience \u00e9lectorale du S\u00e9n\u00e9gal a montr\u00e9 comment la technologie peut \u00eatre un puissant mobilisateur, en particulier pour stimuler les jeunes \u00e9lecteurs \u00e0 travers de vastes r\u00e9seaux. En fin de compte, l'\u00e9v\u00e9nement a mis en lumi\u00e8re la fa\u00e7on dont ces innovations red\u00e9finissent la participation des citoyens, en cr\u00e9ant une dynamique pour des \u00e9lections plus transparentes et inclusives en Afrique, et au Ghana en particulier.<\/p>\n\n\n\n<div class=\"wp-block-columns has-primary-alt-background-color has-background is-layout-flex wp-container-core-columns-is-layout-28f84493 wp-block-columns-is-layout-flex\" style=\"border-radius:15px\">\n<div class=\"wp-block-column is-layout-flow wp-block-column-is-layout-flow\">\n<figure class=\"wp-block-image aligncenter size-large is-resized\"><a href=\"https:\/\/ahead.africa\/wp-content\/uploads\/2024\/11\/Press-brief-EN-AHEAD-Africa-launch-event-20-July-1.pdf\" target=\"_blank\" rel=\"noreferrer noopener\"><img loading=\"lazy\" decoding=\"async\" width=\"725\" height=\"1024\" src=\"https:\/\/ahead.africa\/wp-content\/uploads\/2024\/07\/Cover-AHEAD-Africa-launch-event-press-brief-EN-725x1024.png\" alt=\"Cover AHEAD Africa launch event press brief [EN]\" class=\"wp-image-2118\" style=\"width:184px;height:auto\" srcset=\"https:\/\/ahead.africa\/wp-content\/uploads\/2024\/07\/Cover-AHEAD-Africa-launch-event-press-brief-EN-725x1024.png 725w, https:\/\/ahead.africa\/wp-content\/uploads\/2024\/07\/Cover-AHEAD-Africa-launch-event-press-brief-EN-212x300.png 212w, https:\/\/ahead.africa\/wp-content\/uploads\/2024\/07\/Cover-AHEAD-Africa-launch-event-press-brief-EN-768x1085.png 768w, https:\/\/ahead.africa\/wp-content\/uploads\/2024\/07\/Cover-AHEAD-Africa-launch-event-press-brief-EN.png 910w\" sizes=\"auto, (max-width: 725px) 100vw, 725px\" \/><\/a><\/figure>\n\n\n\n<div class=\"wp-block-buttons is-content-justification-center is-layout-flex wp-container-core-buttons-is-layout-a89b3969 wp-block-buttons-is-layout-flex\">\n<div class=\"wp-block-button has-custom-width wp-block-button__width-100 has-custom-font-size\" style=\"font-size:14px\"><a class=\"wp-block-button__link has-text-color has-tertiary-background-color has-text-color has-background has-link-color has-text-align-center wp-element-button\" href=\"https:\/\/ahead.africa\/wp-content\/uploads\/2024\/11\/Press-brief-EN-AHEAD-Africa-launch-event-20-July-1.pdf\" target=\"_blank\" rel=\"noreferrer noopener\"><strong>Lire le communiqu\u00e9 de presse<\/strong> [EN]<\/a><\/div>\n<\/div>\n<\/div>\n\n\n\n<div class=\"wp-block-column is-layout-flow wp-block-column-is-layout-flow\">\n<figure class=\"wp-block-image aligncenter size-large is-resized\"><a href=\"https:\/\/ahead.africa\/wp-content\/uploads\/2024\/11\/Press-brief-FR-AHEAD-Africa-launch-event-20-July.pdf\" target=\"_blank\" rel=\"noreferrer noopener\"><img loading=\"lazy\" decoding=\"async\" width=\"724\" height=\"1024\" src=\"https:\/\/ahead.africa\/wp-content\/uploads\/2024\/07\/Press-brief-FR-AHEAD-Africa-launch-event-724x1024.png\" alt=\"\" class=\"wp-image-2067\" style=\"width:184px\" srcset=\"https:\/\/ahead.africa\/wp-content\/uploads\/2024\/07\/Press-brief-FR-AHEAD-Africa-launch-event-724x1024.png 724w, https:\/\/ahead.africa\/wp-content\/uploads\/2024\/07\/Press-brief-FR-AHEAD-Africa-launch-event-212x300.png 212w, https:\/\/ahead.africa\/wp-content\/uploads\/2024\/07\/Press-brief-FR-AHEAD-Africa-launch-event-768x1087.png 768w, https:\/\/ahead.africa\/wp-content\/uploads\/2024\/07\/Press-brief-FR-AHEAD-Africa-launch-event.png 1002w\" sizes=\"auto, (max-width: 724px) 100vw, 724px\" \/><\/a><\/figure>\n\n\n\n<div class=\"wp-block-buttons is-content-justification-center is-layout-flex wp-container-core-buttons-is-layout-a89b3969 wp-block-buttons-is-layout-flex\">\n<div class=\"wp-block-button has-custom-width wp-block-button__width-100 has-custom-font-size\" style=\"font-size:14px\"><a class=\"wp-block-button__link has-text-color has-tertiary-background-color has-text-color has-background has-link-color has-text-align-center wp-element-button\" href=\"https:\/\/ahead.africa\/wp-content\/uploads\/2024\/11\/Press-brief-FR-AHEAD-Africa-launch-event-20-July.pdf\" target=\"_blank\" rel=\"noreferrer noopener\"><strong>Lire le communiqu\u00e9 de presse <\/strong>[FR]<\/a><\/div>\n<\/div>\n<\/div>\n<\/div>\n\n\n\n<div style=\"height:10px\" aria-hidden=\"true\" class=\"wp-block-spacer\"><\/div>\n\n\n\n<p class=\"has-text-align-center has-primary-color has-text-color has-link-color has-h-6-font-size wp-elements-6294ab85e702a02037830add8790c8e4\">Ressources compl\u00e9mentaires<\/p>\n\n\n\n<div class=\"wp-block-columns is-layout-flex wp-container-core-columns-is-layout-28f84493 wp-block-columns-is-layout-flex\">\n<div class=\"wp-block-column is-layout-flow wp-block-column-is-layout-flow\">\n<div class=\"wp-block-buttons is-content-justification-center is-layout-flex wp-container-core-buttons-is-layout-a89b3969 wp-block-buttons-is-layout-flex\">\n<div class=\"wp-block-button has-custom-width wp-block-button__width-100 has-custom-font-size\" style=\"font-size:14px\"><a class=\"wp-block-button__link has-background-color has-primary-background-color has-text-color has-background has-link-color wp-element-button\" href=\"https:\/\/ahead.africa\/fr\/event\/ahead-africa-launch-event\/\" target=\"_blank\" rel=\"noreferrer noopener\">Voir l'enregistrement de l'\u00e9v\u00e9nement et l'interview vid\u00e9o<\/a><\/div>\n\n\n\n<div class=\"wp-block-button has-custom-width wp-block-button__width-100 has-custom-font-size\" style=\"font-size:14px\"><a class=\"wp-block-button__link has-background-color has-primary-background-color has-text-color has-background has-link-color wp-element-button\" href=\"https:\/\/ahead.africa\/fr\/election\/ghana\/\" target=\"_blank\" rel=\"noreferrer noopener\">Suivez nos activit\u00e9s pendant les \u00e9lections de 2024 au Ghana<\/a><\/div>\n<\/div>\n<\/div>\n<\/div>","protected":false},"excerpt":{"rendered":"<p>Le r\u00f4le de la soci\u00e9t\u00e9 civile dans la protection de l'int\u00e9grit\u00e9 \u00e9lectorale \u00e0 l'approche des \u00e9lections de 2024 au Ghana.<\/p>","protected":false},"author":3,"featured_media":1777,"comment_status":"closed","ping_status":"closed","sticky":false,"template":"blog","format":"standard","meta":{"_acf_changed":false,"footnotes":""},"categories":[1],"tags":[57],"grantees":[],"partner":[51,9,10],"region":[40,52],"class_list":["post-1619","post","type-post","status-publish","format-standard","has-post-thumbnail","hentry","category-uncategorized","tag-press-brief","partner-cdd-ghana","partner-european-partnership-for-democracy","partner-waeon","region-ghana","region-west-africa"],"acf":[],"_links":{"self":[{"href":"https:\/\/ahead.africa\/fr\/wp-json\/wp\/v2\/posts\/1619","targetHints":{"allow":["GET"]}}],"collection":[{"href":"https:\/\/ahead.africa\/fr\/wp-json\/wp\/v2\/posts"}],"about":[{"href":"https:\/\/ahead.africa\/fr\/wp-json\/wp\/v2\/types\/post"}],"author":[{"embeddable":true,"href":"https:\/\/ahead.africa\/fr\/wp-json\/wp\/v2\/users\/3"}],"replies":[{"embeddable":true,"href":"https:\/\/ahead.africa\/fr\/wp-json\/wp\/v2\/comments?post=1619"}],"version-history":[{"count":73,"href":"https:\/\/ahead.africa\/fr\/wp-json\/wp\/v2\/posts\/1619\/revisions"}],"predecessor-version":[{"id":12434,"href":"https:\/\/ahead.africa\/fr\/wp-json\/wp\/v2\/posts\/1619\/revisions\/12434"}],"wp:featuredmedia":[{"embeddable":true,"href":"https:\/\/ahead.africa\/fr\/wp-json\/wp\/v2\/media\/1777"}],"wp:attachment":[{"href":"https:\/\/ahead.africa\/fr\/wp-json\/wp\/v2\/media?parent=1619"}],"wp:term":[{"taxonomy":"category","embeddable":true,"href":"https:\/\/ahead.africa\/fr\/wp-json\/wp\/v2\/categories?post=1619"},{"taxonomy":"post_tag","embeddable":true,"href":"https:\/\/ahead.africa\/fr\/wp-json\/wp\/v2\/tags?post=1619"},{"taxonomy":"grantees","embeddable":true,"href":"https:\/\/ahead.africa\/fr\/wp-json\/wp\/v2\/grantees?post=1619"},{"taxonomy":"partner","embeddable":true,"href":"https:\/\/ahead.africa\/fr\/wp-json\/wp\/v2\/partner?post=1619"},{"taxonomy":"region","embeddable":true,"href":"https:\/\/ahead.africa\/fr\/wp-json\/wp\/v2\/region?post=1619"}],"curies":[{"name":"wp","href":"https:\/\/api.w.org\/{rel}","templated":true}]}}