
{"id":12053,"date":"2026-01-02T19:04:12","date_gmt":"2026-01-02T19:04:12","guid":{"rendered":"https:\/\/ahead.africa\/?p=12053"},"modified":"2026-01-21T13:29:07","modified_gmt":"2026-01-21T13:29:07","slug":"freesarahbireete","status":"publish","type":"post","link":"https:\/\/ahead.africa\/fr\/freesarahbireete\/","title":{"rendered":"#FreeSarahBireete"},"content":{"rendered":"<p class=\"has-primary-color has-text-color has-link-color wp-elements-e879a8b6ee10bc90536acac6d05f46f9\" style=\"font-size:clamp(14px, 0.875rem + ((1vw - 3.2px) * 0.612), 20px);\"><strong>D\u00e9claration de condamnation<\/strong><\/p>\n\n\n\n<p class=\"has-text-color has-link-color wp-elements-be9bc540025d7e2fa2335f55bb2c5d13\">Sarah Bireete est une avocate ougandaise respect\u00e9e dans le domaine des droits de l'homme, une dirigeante de la soci\u00e9t\u00e9 civile et une observatrice des \u00e9lections. Le 30 d\u00e9cembre 2025, elle a \u00e9t\u00e9 arr\u00eat\u00e9e sans inculpation formelle et a \u00e9t\u00e9 plac\u00e9e en d\u00e9tention provisoire jusqu'au 21 janvier 2026.<br><br>AHEAD Africa fortement <a href=\"https:\/\/ahead.africa\/wp-content\/uploads\/2026\/01\/Statement-Dr.-Sarah-Bireete.pdf\">condamne<\/a> l'arrestation arbitraire, le maintien en d\u00e9tention et le placement en d\u00e9tention provisoire du Dr Sarah Bireete jusqu'au 21 janvier 2026, \u00e0 la fois coll\u00e8gue et pr\u00e9sidente de notre partenaire, l'Association pour la promotion de la d\u00e9mocratie et des droits de l'homme (APDH). <a href=\"https:\/\/ahead.africa\/fr\/partners\/east-and-horn-of-africa-election-observers-network\/\" target=\"_blank\" rel=\"noreferrer noopener\">R\u00e9seau d'observation \u00e9lectorale de l'Afrique de l'Est et de la Corne de l'Afrique<\/a> (E-HORN) et vice-pr\u00e9sidente de la Commission europ\u00e9enne. <a href=\"https:\/\/ahead.africa\/fr\/partners\/afeonet\/\" target=\"_blank\" rel=\"noreferrer noopener\">R\u00e9seau des observateurs \u00e9lectoraux africains<\/a> (AfEONet). L'emprisonnement d'une observatrice \u00e9lectorale \u00e0 l'approche des \u00e9lections de janvier 2026 en Ouganda est une atteinte aux droits de la d\u00e9fense, \u00e0 l'espace civique et \u00e0 la d\u00e9mocratie elle-m\u00eame. Nous exigeons sa lib\u00e9ration imm\u00e9diate.<\/p>\n\n\n\n<div class=\"wp-block-columns has-primary-alt-background-color has-background is-layout-flex wp-container-core-columns-is-layout-28f84493 wp-block-columns-is-layout-flex\" style=\"border-radius:15px\">\n<div class=\"wp-block-column is-layout-flow wp-block-column-is-layout-flow\">\n<div class=\"wp-block-columns is-layout-flex wp-container-core-columns-is-layout-28f84493 wp-block-columns-is-layout-flex\">\n<div class=\"wp-block-column is-layout-flow wp-block-column-is-layout-flow\">\n<figure class=\"wp-block-image aligncenter size-large is-resized has-custom-border\"><a href=\"https:\/\/ahead.africa\/wp-content\/uploads\/2026\/01\/Statement-Dr.-Sarah-Bireete.pdf\" target=\"_blank\" rel=\"noreferrer noopener\"><img loading=\"lazy\" decoding=\"async\" width=\"724\" height=\"1024\" src=\"https:\/\/ahead.africa\/wp-content\/uploads\/2025\/06\/1-724x1024.png\" alt=\"#FreeSarahBireete\" class=\"wp-image-12054\" style=\"border-radius:3px;width:190px\" srcset=\"https:\/\/ahead.africa\/wp-content\/uploads\/2025\/06\/1-724x1024.png 724w, https:\/\/ahead.africa\/wp-content\/uploads\/2025\/06\/1-212x300.png 212w, https:\/\/ahead.africa\/wp-content\/uploads\/2025\/06\/1-768x1086.png 768w, https:\/\/ahead.africa\/wp-content\/uploads\/2025\/06\/1-1086x1536.png 1086w, https:\/\/ahead.africa\/wp-content\/uploads\/2025\/06\/1-1448x2048.png 1448w, https:\/\/ahead.africa\/wp-content\/uploads\/2025\/06\/1-8x12.png 8w\" sizes=\"auto, (max-width: 724px) 100vw, 724px\" \/><\/a><\/figure>\n\n\n\n<div class=\"wp-block-buttons is-content-justification-center is-layout-flex wp-container-core-buttons-is-layout-a89b3969 wp-block-buttons-is-layout-flex\">\n<div class=\"wp-block-button has-custom-width wp-block-button__width-100\"><a class=\"wp-block-button__link has-text-color has-tertiary-background-color has-text-color has-background has-link-color has-custom-font-size wp-element-button\" href=\"https:\/\/ahead.africa\/wp-content\/uploads\/2026\/01\/Statement-Dr.-Sarah-Bireete.pdf\" style=\"font-size:14px\" target=\"_blank\" rel=\"noreferrer noopener\"><strong>Lire la d\u00e9claration condamnant le maintien en d\u00e9tention du Dr. Sarah Bireete<\/strong> [EN]<\/a><\/div>\n<\/div>\n<\/div>\n<\/div>\n<\/div>\n<\/div>\n\n\n\n<div class=\"wp-block-stackable-spacer stk-block-spacer stk--no-padding stk-block stk-e79dbfe\" data-block-id=\"e79dbfe\"><style>.stk-e79dbfe {height:50px !important;}<\/style><\/div>\n\n\n\n<p class=\"has-primary-color has-text-color has-link-color wp-elements-d44c1d484e2f8afe34550c389f22810f\" style=\"font-size:clamp(14px, 0.875rem + ((1vw - 3.2px) * 0.612), 20px);\"><strong>Collecte de fonds<\/strong><\/p>\n\n\n\n<p>Mme Bireete a consacr\u00e9 sa vie \u00e0 soutenir les autres et \u00e0 d\u00e9fendre les droits de l'homme. Aujourd'hui, elle a besoin de notre solidarit\u00e9 et de notre soutien.<\/p>\n\n\n\n<p>Sa d\u00e9tention a fait peser un fardeau soudain et lourd sur sa famille, qui doit maintenant faire face \u00e0 des frais juridiques importants et \u00e0 des contraintes financi\u00e8res. Sa communaut\u00e9 collecte des fonds pour soutenir la d\u00e9fense juridique du Dr Bireete et veiller \u00e0 ce que sa famille et les personnes \u00e0 sa charge soient prises en charge pendant sa d\u00e9tention.<\/p>\n\n\n\n<p>Sa famille doit maintenant faire face \u00e0 des d\u00e9fis urgents et inattendus, notamment les frais de justice, les d\u00e9penses quotidiennes et la garde de ses enfants pendant qu'elle est en d\u00e9tention. En outre, les comptes bancaires personnels du Dr Bireete, y compris ceux utilis\u00e9s pour g\u00e9rer les d\u00e9penses du m\u00e9nage et de la famille, ont \u00e9t\u00e9 gel\u00e9s, laissant les personnes \u00e0 sa charge sans acc\u00e8s aux fonds essentiels. Le soutien de ses amis, de ses coll\u00e8gues et de l'ensemble de la communaut\u00e9 est essentiel en ce moment pour leur permettre de faire face \u00e0 cette situation difficile.<\/p>\n\n\n\n<p><strong>Tous les fonds collect\u00e9s (10 000 EUR) seront utilis\u00e9s pour soutenir :<\/strong><\/p>\n\n\n\n<ul class=\"wp-block-list\">\n<li>Repr\u00e9sentation juridique et frais de justice ;<\/li>\n\n\n\n<li>Soutien financier imm\u00e9diat aux personnes \u00e0 charge du Dr Bireete ;<\/li>\n\n\n\n<li>Frais de subsistance essentiels pendant sa d\u00e9tention.<\/li>\n<\/ul>\n\n\n\n<p>Le Dr Bireete a comparu devant le tribunal le 21 janvier 2026 pour une audience de lib\u00e9ration sous caution, mais elle a \u00e9t\u00e9 plac\u00e9e en d\u00e9tention provisoire jusqu'au 28 janvier 2026. Un soutien est n\u00e9cessaire d\u00e8s maintenant pour que les personnes \u00e0 sa charge puissent faire face \u00e0 cette situation inattendue et difficile.<\/p>\n\n\n\n<div class=\"wp-block-buttons has-custom-font-size is-content-justification-center is-layout-flex wp-container-core-buttons-is-layout-a89b3969 wp-block-buttons-is-layout-flex\" style=\"font-size:clamp(14px, 0.875rem + ((1vw - 3.2px) * 0.204), 16px);\">\n<div class=\"wp-block-button has-custom-width wp-block-button__width-100\"><a class=\"wp-block-button__link has-text-color has-tertiary-background-color has-text-color has-background has-link-color has-custom-font-size wp-element-button\" href=\"https:\/\/www.gofundme.com\/f\/freesarahbireete\" style=\"font-size:14px\"><strong>Faire un don pour aider \u00e0 couvrir ses frais de justice et de s\u00e9jour<\/strong><\/a><\/div>\n<\/div>","protected":false},"excerpt":{"rendered":"<p>Nous condamnons le maintien en d\u00e9tention de notre amie et coll\u00e8gue Sarah Bireete. <\/p>","protected":false},"author":4,"featured_media":12064,"comment_status":"closed","ping_status":"closed","sticky":false,"template":"blog","format":"standard","meta":{"_acf_changed":false,"footnotes":""},"categories":[60,1],"tags":[49],"grantees":[],"partner":[5,11],"region":[45],"class_list":["post-12053","post","type-post","status-publish","format-standard","has-post-thumbnail","hentry","category-advocacy","category-uncategorized","tag-statement","partner-afeonet","partner-e-horn","region-continental"],"acf":[],"_links":{"self":[{"href":"https:\/\/ahead.africa\/fr\/wp-json\/wp\/v2\/posts\/12053","targetHints":{"allow":["GET"]}}],"collection":[{"href":"https:\/\/ahead.africa\/fr\/wp-json\/wp\/v2\/posts"}],"about":[{"href":"https:\/\/ahead.africa\/fr\/wp-json\/wp\/v2\/types\/post"}],"author":[{"embeddable":true,"href":"https:\/\/ahead.africa\/fr\/wp-json\/wp\/v2\/users\/4"}],"replies":[{"embeddable":true,"href":"https:\/\/ahead.africa\/fr\/wp-json\/wp\/v2\/comments?post=12053"}],"version-history":[{"count":10,"href":"https:\/\/ahead.africa\/fr\/wp-json\/wp\/v2\/posts\/12053\/revisions"}],"predecessor-version":[{"id":12109,"href":"https:\/\/ahead.africa\/fr\/wp-json\/wp\/v2\/posts\/12053\/revisions\/12109"}],"wp:featuredmedia":[{"embeddable":true,"href":"https:\/\/ahead.africa\/fr\/wp-json\/wp\/v2\/media\/12064"}],"wp:attachment":[{"href":"https:\/\/ahead.africa\/fr\/wp-json\/wp\/v2\/media?parent=12053"}],"wp:term":[{"taxonomy":"category","embeddable":true,"href":"https:\/\/ahead.africa\/fr\/wp-json\/wp\/v2\/categories?post=12053"},{"taxonomy":"post_tag","embeddable":true,"href":"https:\/\/ahead.africa\/fr\/wp-json\/wp\/v2\/tags?post=12053"},{"taxonomy":"grantees","embeddable":true,"href":"https:\/\/ahead.africa\/fr\/wp-json\/wp\/v2\/grantees?post=12053"},{"taxonomy":"partner","embeddable":true,"href":"https:\/\/ahead.africa\/fr\/wp-json\/wp\/v2\/partner?post=12053"},{"taxonomy":"region","embeddable":true,"href":"https:\/\/ahead.africa\/fr\/wp-json\/wp\/v2\/region?post=12053"}],"curies":[{"name":"wp","href":"https:\/\/api.w.org\/{rel}","templated":true}]}}